{"id":140,"date":"2024-09-27T17:19:00","date_gmt":"2024-09-27T17:19:00","guid":{"rendered":"https:\/\/bydlowa.pl\/?p=140"},"modified":"2025-10-01T13:31:50","modified_gmt":"2025-10-01T13:31:50","slug":"przebudowa-odcinka-drogi-powiatowej-we-wsi-bydlowa","status":"publish","type":"post","link":"https:\/\/bydlowa.pl\/index.php\/2024\/09\/27\/przebudowa-odcinka-drogi-powiatowej-we-wsi-bydlowa\/","title":{"rendered":"Przebudowa odcinka drogi powiatowej we wsi Byd\u0142owa"},"content":{"rendered":"\n<p>Rozpocz\u0119\u0142a si\u0119 przebudowa blisko\u202f1\u2011kilometrowego odcinka drogi powiatowej nr\u202f0109T (1820T) w Byd\u0142owej, kt\u00f3rej inwestorem jest Powiat Staszowski. Koszt zadania to 738\u202f640,83 z\u0142, a \u015brodki pochodz\u0105 z Rz\u0105dowego Funduszu Polski \u0141ad. Gmina Ole\u015bnica dok\u0142ada do projektu oko\u0142o 77\u202f000 z\u0142, by obj\u0105\u0107 remontem dodatkowe 100 metr\u00f3w. Realizatorem inwestycji jest firma Dylmex, a termin zako\u0144czenia prac wyznaczono na 28 pa\u017adziernika 2024 roku.<br>\ud83d\udc49 Pe\u0142ny artyku\u0142: <a href=\"https:\/\/gminaolesnica.pl\/przebudowa-odcinka-drogi-powiatowej-w-m-bydlowa\" target=\"_blank\" rel=\"noreferrer noopener\">gminaolesnica.pl<\/a><\/p>\n","protected":false},"excerpt":{"rendered":"<p>Rozpocz\u0119\u0142a si\u0119 przebudowa blisko\u202f1\u2011kilometrowego odcinka drogi powiatowej nr\u202f0109T (1820T) w Byd\u0142owej, kt\u00f3rej inwestorem jest Powiat Staszowski. Koszt zadania to 738\u202f640,83 z\u0142, a \u015brodki pochodz\u0105 z Rz\u0105dowego Funduszu Polski \u0141ad. Gmina Ole\u015bnica dok\u0142ada do projektu oko\u0142o 77\u202f000 z\u0142, by obj\u0105\u0107 remontem dodatkowe 100 metr\u00f3w. Realizatorem inwestycji jest firma Dylmex, a termin zako\u0144czenia prac wyznaczono na 28 [&hellip;]<\/p>\n","protected":false},"author":1,"featured_media":141,"comment_status":"closed","ping_status":"open","sticky":false,"template":"","format":"standard","meta":{"footnotes":""},"categories":[6],"tags":[12,16,19,14,17,15,18],"class_list":["post-140","post","type-post","status-publish","format-standard","has-post-thumbnail","hentry","category-news","tag-bydlowa","tag-droga","tag-gmina-olesnica","tag-inwestycja","tag-powiat-staszowski","tag-przebudowa","tag-remont"],"yoast_head":"<!-- This site is optimized with the Yoast SEO plugin v27.4 - https:\/\/yoast.com\/product\/yoast-seo-wordpress\/ -->\n<title>Przebudowa odcinka drogi powiatowej we wsi Byd\u0142owa - Byd\u0142owa.pl<\/title>\n<meta name=\"description\" content=\"Rozpocz\u0119\u0142a si\u0119 przebudowa blisko\u202f1\u2011kilometrowego odcinka drogi powiatowej nr\u202f0109T (1820T) w Byd\u0142owej.\" \/>\n<meta name=\"robots\" content=\"index, follow, max-snippet:-1, max-image-preview:large, max-video-preview:-1\" \/>\n<link rel=\"canonical\" href=\"https:\/\/bydlowa.pl\/index.php\/2024\/09\/27\/przebudowa-odcinka-drogi-powiatowej-we-wsi-bydlowa\/\" \/>\n<meta property=\"og:locale\" content=\"pl_PL\" \/>\n<meta property=\"og:type\" content=\"article\" \/>\n<meta property=\"og:title\" content=\"Przebudowa odcinka drogi powiatowej we wsi Byd\u0142owa - Byd\u0142owa.pl\" \/>\n<meta property=\"og:description\" content=\"Rozpocz\u0119\u0142a si\u0119 przebudowa blisko\u202f1\u2011kilometrowego odcinka drogi powiatowej nr\u202f0109T (1820T) w Byd\u0142owej.\" \/>\n<meta property=\"og:url\" content=\"https:\/\/bydlowa.pl\/index.php\/2024\/09\/27\/przebudowa-odcinka-drogi-powiatowej-we-wsi-bydlowa\/\" \/>\n<meta property=\"og:site_name\" content=\"Byd\u0142owa.pl\" \/>\n<meta property=\"article:publisher\" content=\"https:\/\/facebook.com\/61568533223262\/\" \/>\n<meta property=\"article:published_time\" content=\"2024-09-27T17:19:00+00:00\" \/>\n<meta property=\"article:modified_time\" content=\"2025-10-01T13:31:50+00:00\" \/>\n<meta property=\"og:image\" content=\"https:\/\/bydlowa.pl\/wp-content\/uploads\/2025\/10\/obraz_2025-10-01_143510359-1024x952.png\" \/>\n\t<meta property=\"og:image:width\" content=\"1024\" \/>\n\t<meta property=\"og:image:height\" content=\"952\" \/>\n\t<meta property=\"og:image:type\" content=\"image\/png\" \/>\n<meta name=\"author\" content=\"admin\" \/>\n<meta name=\"twitter:card\" content=\"summary_large_image\" \/>\n<meta name=\"twitter:label1\" content=\"Napisane przez\" \/>\n\t<meta name=\"twitter:data1\" content=\"admin\" \/>\n\t<meta name=\"twitter:label2\" content=\"Szacowany czas czytania\" \/>\n\t<meta name=\"twitter:data2\" content=\"1 minuta\" \/>\n<script type=\"application\/ld+json\" class=\"yoast-schema-graph\">{\"@context\":\"https:\\\/\\\/schema.org\",\"@graph\":[{\"@type\":\"Article\",\"@id\":\"https:\\\/\\\/bydlowa.pl\\\/index.php\\\/2024\\\/09\\\/27\\\/przebudowa-odcinka-drogi-powiatowej-we-wsi-bydlowa\\\/#article\",\"isPartOf\":{\"@id\":\"https:\\\/\\\/bydlowa.pl\\\/index.php\\\/2024\\\/09\\\/27\\\/przebudowa-odcinka-drogi-powiatowej-we-wsi-bydlowa\\\/\"},\"author\":{\"name\":\"admin\",\"@id\":\"https:\\\/\\\/bydlowa.pl\\\/#\\\/schema\\\/person\\\/0f0b329b9d1c3f1904e258fcd3ccbb40\"},\"headline\":\"Przebudowa odcinka drogi powiatowej we wsi Byd\u0142owa\",\"datePublished\":\"2024-09-27T17:19:00+00:00\",\"dateModified\":\"2025-10-01T13:31:50+00:00\",\"mainEntityOfPage\":{\"@id\":\"https:\\\/\\\/bydlowa.pl\\\/index.php\\\/2024\\\/09\\\/27\\\/przebudowa-odcinka-drogi-powiatowej-we-wsi-bydlowa\\\/\"},\"wordCount\":78,\"publisher\":{\"@id\":\"https:\\\/\\\/bydlowa.pl\\\/#organization\"},\"image\":{\"@id\":\"https:\\\/\\\/bydlowa.pl\\\/index.php\\\/2024\\\/09\\\/27\\\/przebudowa-odcinka-drogi-powiatowej-we-wsi-bydlowa\\\/#primaryimage\"},\"thumbnailUrl\":\"https:\\\/\\\/bydlowa.pl\\\/wp-content\\\/uploads\\\/2025\\\/10\\\/obraz_2025-10-01_143510359.png\",\"keywords\":[\"Byd\u0142owa\",\"droga\",\"Gmina Ole\u015bnica\",\"inwestycja\",\"Powiat Staszowski\",\"przebudowa\",\"remont\"],\"articleSection\":[\"News\"],\"inLanguage\":\"pl-PL\"},{\"@type\":\"WebPage\",\"@id\":\"https:\\\/\\\/bydlowa.pl\\\/index.php\\\/2024\\\/09\\\/27\\\/przebudowa-odcinka-drogi-powiatowej-we-wsi-bydlowa\\\/\",\"url\":\"https:\\\/\\\/bydlowa.pl\\\/index.php\\\/2024\\\/09\\\/27\\\/przebudowa-odcinka-drogi-powiatowej-we-wsi-bydlowa\\\/\",\"name\":\"Przebudowa odcinka drogi powiatowej we wsi Byd\u0142owa - Byd\u0142owa.pl\",\"isPartOf\":{\"@id\":\"https:\\\/\\\/bydlowa.pl\\\/#website\"},\"primaryImageOfPage\":{\"@id\":\"https:\\\/\\\/bydlowa.pl\\\/index.php\\\/2024\\\/09\\\/27\\\/przebudowa-odcinka-drogi-powiatowej-we-wsi-bydlowa\\\/#primaryimage\"},\"image\":{\"@id\":\"https:\\\/\\\/bydlowa.pl\\\/index.php\\\/2024\\\/09\\\/27\\\/przebudowa-odcinka-drogi-powiatowej-we-wsi-bydlowa\\\/#primaryimage\"},\"thumbnailUrl\":\"https:\\\/\\\/bydlowa.pl\\\/wp-content\\\/uploads\\\/2025\\\/10\\\/obraz_2025-10-01_143510359.png\",\"datePublished\":\"2024-09-27T17:19:00+00:00\",\"dateModified\":\"2025-10-01T13:31:50+00:00\",\"description\":\"Rozpocz\u0119\u0142a si\u0119 przebudowa blisko\u202f1\u2011kilometrowego odcinka drogi powiatowej nr\u202f0109T (1820T) w Byd\u0142owej.\",\"breadcrumb\":{\"@id\":\"https:\\\/\\\/bydlowa.pl\\\/index.php\\\/2024\\\/09\\\/27\\\/przebudowa-odcinka-drogi-powiatowej-we-wsi-bydlowa\\\/#breadcrumb\"},\"inLanguage\":\"pl-PL\",\"potentialAction\":[{\"@type\":\"ReadAction\",\"target\":[\"https:\\\/\\\/bydlowa.pl\\\/index.php\\\/2024\\\/09\\\/27\\\/przebudowa-odcinka-drogi-powiatowej-we-wsi-bydlowa\\\/\"]}]},{\"@type\":\"ImageObject\",\"inLanguage\":\"pl-PL\",\"@id\":\"https:\\\/\\\/bydlowa.pl\\\/index.php\\\/2024\\\/09\\\/27\\\/przebudowa-odcinka-drogi-powiatowej-we-wsi-bydlowa\\\/#primaryimage\",\"url\":\"https:\\\/\\\/bydlowa.pl\\\/wp-content\\\/uploads\\\/2025\\\/10\\\/obraz_2025-10-01_143510359.png\",\"contentUrl\":\"https:\\\/\\\/bydlowa.pl\\\/wp-content\\\/uploads\\\/2025\\\/10\\\/obraz_2025-10-01_143510359.png\",\"width\":2048,\"height\":1903,\"caption\":\"Bydlowa_droga\"},{\"@type\":\"BreadcrumbList\",\"@id\":\"https:\\\/\\\/bydlowa.pl\\\/index.php\\\/2024\\\/09\\\/27\\\/przebudowa-odcinka-drogi-powiatowej-we-wsi-bydlowa\\\/#breadcrumb\",\"itemListElement\":[{\"@type\":\"ListItem\",\"position\":1,\"name\":\"Strona g\u0142\u00f3wna\",\"item\":\"https:\\\/\\\/bydlowa.pl\\\/\"},{\"@type\":\"ListItem\",\"position\":2,\"name\":\"Przebudowa odcinka drogi powiatowej we wsi Byd\u0142owa\"}]},{\"@type\":\"WebSite\",\"@id\":\"https:\\\/\\\/bydlowa.pl\\\/#website\",\"url\":\"https:\\\/\\\/bydlowa.pl\\\/\",\"name\":\"Byd\u0142owa.pl\",\"description\":\"\",\"publisher\":{\"@id\":\"https:\\\/\\\/bydlowa.pl\\\/#organization\"},\"potentialAction\":[{\"@type\":\"SearchAction\",\"target\":{\"@type\":\"EntryPoint\",\"urlTemplate\":\"https:\\\/\\\/bydlowa.pl\\\/?s={search_term_string}\"},\"query-input\":{\"@type\":\"PropertyValueSpecification\",\"valueRequired\":true,\"valueName\":\"search_term_string\"}}],\"inLanguage\":\"pl-PL\"},{\"@type\":\"Organization\",\"@id\":\"https:\\\/\\\/bydlowa.pl\\\/#organization\",\"name\":\"Byd\u0142owa.pl\",\"url\":\"https:\\\/\\\/bydlowa.pl\\\/\",\"logo\":{\"@type\":\"ImageObject\",\"inLanguage\":\"pl-PL\",\"@id\":\"https:\\\/\\\/bydlowa.pl\\\/#\\\/schema\\\/logo\\\/image\\\/\",\"url\":\"https:\\\/\\\/bydlowa.pl\\\/wp-content\\\/uploads\\\/2025\\\/09\\\/bydlowa-logo.jpg\",\"contentUrl\":\"https:\\\/\\\/bydlowa.pl\\\/wp-content\\\/uploads\\\/2025\\\/09\\\/bydlowa-logo.jpg\",\"width\":378,\"height\":408,\"caption\":\"Byd\u0142owa.pl\"},\"image\":{\"@id\":\"https:\\\/\\\/bydlowa.pl\\\/#\\\/schema\\\/logo\\\/image\\\/\"},\"sameAs\":[\"https:\\\/\\\/facebook.com\\\/61568533223262\\\/\"]},{\"@type\":\"Person\",\"@id\":\"https:\\\/\\\/bydlowa.pl\\\/#\\\/schema\\\/person\\\/0f0b329b9d1c3f1904e258fcd3ccbb40\",\"name\":\"admin\",\"image\":{\"@type\":\"ImageObject\",\"inLanguage\":\"pl-PL\",\"@id\":\"https:\\\/\\\/secure.gravatar.com\\\/avatar\\\/d34baa8eeaf6520132c2031cc5e1f50acae0b7303cd2ed20734a31d92d64d87c?s=96&d=mm&r=g\",\"url\":\"https:\\\/\\\/secure.gravatar.com\\\/avatar\\\/d34baa8eeaf6520132c2031cc5e1f50acae0b7303cd2ed20734a31d92d64d87c?s=96&d=mm&r=g\",\"contentUrl\":\"https:\\\/\\\/secure.gravatar.com\\\/avatar\\\/d34baa8eeaf6520132c2031cc5e1f50acae0b7303cd2ed20734a31d92d64d87c?s=96&d=mm&r=g\",\"caption\":\"admin\"},\"sameAs\":[\"http:\\\/\\\/bydlowa.pl\"],\"url\":\"https:\\\/\\\/bydlowa.pl\\\/index.php\\\/author\\\/admin\\\/\"}]}<\/script>\n<!-- \/ Yoast SEO plugin. -->","yoast_head_json":{"title":"Przebudowa odcinka drogi powiatowej we wsi Byd\u0142owa - Byd\u0142owa.pl","description":"Rozpocz\u0119\u0142a si\u0119 przebudowa blisko\u202f1\u2011kilometrowego odcinka drogi powiatowej nr\u202f0109T (1820T) w Byd\u0142owej.","robots":{"index":"index","follow":"follow","max-snippet":"max-snippet:-1","max-image-preview":"max-image-preview:large","max-video-preview":"max-video-preview:-1"},"canonical":"https:\/\/bydlowa.pl\/index.php\/2024\/09\/27\/przebudowa-odcinka-drogi-powiatowej-we-wsi-bydlowa\/","og_locale":"pl_PL","og_type":"article","og_title":"Przebudowa odcinka drogi powiatowej we wsi Byd\u0142owa - Byd\u0142owa.pl","og_description":"Rozpocz\u0119\u0142a si\u0119 przebudowa blisko\u202f1\u2011kilometrowego odcinka drogi powiatowej nr\u202f0109T (1820T) w Byd\u0142owej.","og_url":"https:\/\/bydlowa.pl\/index.php\/2024\/09\/27\/przebudowa-odcinka-drogi-powiatowej-we-wsi-bydlowa\/","og_site_name":"Byd\u0142owa.pl","article_publisher":"https:\/\/facebook.com\/61568533223262\/","article_published_time":"2024-09-27T17:19:00+00:00","article_modified_time":"2025-10-01T13:31:50+00:00","og_image":[{"width":1024,"height":952,"url":"https:\/\/bydlowa.pl\/wp-content\/uploads\/2025\/10\/obraz_2025-10-01_143510359-1024x952.png","type":"image\/png"}],"author":"admin","twitter_card":"summary_large_image","twitter_misc":{"Napisane przez":"admin","Szacowany czas czytania":"1 minuta"},"schema":{"@context":"https:\/\/schema.org","@graph":[{"@type":"Article","@id":"https:\/\/bydlowa.pl\/index.php\/2024\/09\/27\/przebudowa-odcinka-drogi-powiatowej-we-wsi-bydlowa\/#article","isPartOf":{"@id":"https:\/\/bydlowa.pl\/index.php\/2024\/09\/27\/przebudowa-odcinka-drogi-powiatowej-we-wsi-bydlowa\/"},"author":{"name":"admin","@id":"https:\/\/bydlowa.pl\/#\/schema\/person\/0f0b329b9d1c3f1904e258fcd3ccbb40"},"headline":"Przebudowa odcinka drogi powiatowej we wsi Byd\u0142owa","datePublished":"2024-09-27T17:19:00+00:00","dateModified":"2025-10-01T13:31:50+00:00","mainEntityOfPage":{"@id":"https:\/\/bydlowa.pl\/index.php\/2024\/09\/27\/przebudowa-odcinka-drogi-powiatowej-we-wsi-bydlowa\/"},"wordCount":78,"publisher":{"@id":"https:\/\/bydlowa.pl\/#organization"},"image":{"@id":"https:\/\/bydlowa.pl\/index.php\/2024\/09\/27\/przebudowa-odcinka-drogi-powiatowej-we-wsi-bydlowa\/#primaryimage"},"thumbnailUrl":"https:\/\/bydlowa.pl\/wp-content\/uploads\/2025\/10\/obraz_2025-10-01_143510359.png","keywords":["Byd\u0142owa","droga","Gmina Ole\u015bnica","inwestycja","Powiat Staszowski","przebudowa","remont"],"articleSection":["News"],"inLanguage":"pl-PL"},{"@type":"WebPage","@id":"https:\/\/bydlowa.pl\/index.php\/2024\/09\/27\/przebudowa-odcinka-drogi-powiatowej-we-wsi-bydlowa\/","url":"https:\/\/bydlowa.pl\/index.php\/2024\/09\/27\/przebudowa-odcinka-drogi-powiatowej-we-wsi-bydlowa\/","name":"Przebudowa odcinka drogi powiatowej we wsi Byd\u0142owa - Byd\u0142owa.pl","isPartOf":{"@id":"https:\/\/bydlowa.pl\/#website"},"primaryImageOfPage":{"@id":"https:\/\/bydlowa.pl\/index.php\/2024\/09\/27\/przebudowa-odcinka-drogi-powiatowej-we-wsi-bydlowa\/#primaryimage"},"image":{"@id":"https:\/\/bydlowa.pl\/index.php\/2024\/09\/27\/przebudowa-odcinka-drogi-powiatowej-we-wsi-bydlowa\/#primaryimage"},"thumbnailUrl":"https:\/\/bydlowa.pl\/wp-content\/uploads\/2025\/10\/obraz_2025-10-01_143510359.png","datePublished":"2024-09-27T17:19:00+00:00","dateModified":"2025-10-01T13:31:50+00:00","description":"Rozpocz\u0119\u0142a si\u0119 przebudowa blisko\u202f1\u2011kilometrowego odcinka drogi powiatowej nr\u202f0109T (1820T) w Byd\u0142owej.","breadcrumb":{"@id":"https:\/\/bydlowa.pl\/index.php\/2024\/09\/27\/przebudowa-odcinka-drogi-powiatowej-we-wsi-bydlowa\/#breadcrumb"},"inLanguage":"pl-PL","potentialAction":[{"@type":"ReadAction","target":["https:\/\/bydlowa.pl\/index.php\/2024\/09\/27\/przebudowa-odcinka-drogi-powiatowej-we-wsi-bydlowa\/"]}]},{"@type":"ImageObject","inLanguage":"pl-PL","@id":"https:\/\/bydlowa.pl\/index.php\/2024\/09\/27\/przebudowa-odcinka-drogi-powiatowej-we-wsi-bydlowa\/#primaryimage","url":"https:\/\/bydlowa.pl\/wp-content\/uploads\/2025\/10\/obraz_2025-10-01_143510359.png","contentUrl":"https:\/\/bydlowa.pl\/wp-content\/uploads\/2025\/10\/obraz_2025-10-01_143510359.png","width":2048,"height":1903,"caption":"Bydlowa_droga"},{"@type":"BreadcrumbList","@id":"https:\/\/bydlowa.pl\/index.php\/2024\/09\/27\/przebudowa-odcinka-drogi-powiatowej-we-wsi-bydlowa\/#breadcrumb","itemListElement":[{"@type":"ListItem","position":1,"name":"Strona g\u0142\u00f3wna","item":"https:\/\/bydlowa.pl\/"},{"@type":"ListItem","position":2,"name":"Przebudowa odcinka drogi powiatowej we wsi Byd\u0142owa"}]},{"@type":"WebSite","@id":"https:\/\/bydlowa.pl\/#website","url":"https:\/\/bydlowa.pl\/","name":"Byd\u0142owa.pl","description":"","publisher":{"@id":"https:\/\/bydlowa.pl\/#organization"},"potentialAction":[{"@type":"SearchAction","target":{"@type":"EntryPoint","urlTemplate":"https:\/\/bydlowa.pl\/?s={search_term_string}"},"query-input":{"@type":"PropertyValueSpecification","valueRequired":true,"valueName":"search_term_string"}}],"inLanguage":"pl-PL"},{"@type":"Organization","@id":"https:\/\/bydlowa.pl\/#organization","name":"Byd\u0142owa.pl","url":"https:\/\/bydlowa.pl\/","logo":{"@type":"ImageObject","inLanguage":"pl-PL","@id":"https:\/\/bydlowa.pl\/#\/schema\/logo\/image\/","url":"https:\/\/bydlowa.pl\/wp-content\/uploads\/2025\/09\/bydlowa-logo.jpg","contentUrl":"https:\/\/bydlowa.pl\/wp-content\/uploads\/2025\/09\/bydlowa-logo.jpg","width":378,"height":408,"caption":"Byd\u0142owa.pl"},"image":{"@id":"https:\/\/bydlowa.pl\/#\/schema\/logo\/image\/"},"sameAs":["https:\/\/facebook.com\/61568533223262\/"]},{"@type":"Person","@id":"https:\/\/bydlowa.pl\/#\/schema\/person\/0f0b329b9d1c3f1904e258fcd3ccbb40","name":"admin","image":{"@type":"ImageObject","inLanguage":"pl-PL","@id":"https:\/\/secure.gravatar.com\/avatar\/d34baa8eeaf6520132c2031cc5e1f50acae0b7303cd2ed20734a31d92d64d87c?s=96&d=mm&r=g","url":"https:\/\/secure.gravatar.com\/avatar\/d34baa8eeaf6520132c2031cc5e1f50acae0b7303cd2ed20734a31d92d64d87c?s=96&d=mm&r=g","contentUrl":"https:\/\/secure.gravatar.com\/avatar\/d34baa8eeaf6520132c2031cc5e1f50acae0b7303cd2ed20734a31d92d64d87c?s=96&d=mm&r=g","caption":"admin"},"sameAs":["http:\/\/bydlowa.pl"],"url":"https:\/\/bydlowa.pl\/index.php\/author\/admin\/"}]}},"_links":{"self":[{"href":"https:\/\/bydlowa.pl\/index.php\/wp-json\/wp\/v2\/posts\/140","targetHints":{"allow":["GET"]}}],"collection":[{"href":"https:\/\/bydlowa.pl\/index.php\/wp-json\/wp\/v2\/posts"}],"about":[{"href":"https:\/\/bydlowa.pl\/index.php\/wp-json\/wp\/v2\/types\/post"}],"author":[{"embeddable":true,"href":"https:\/\/bydlowa.pl\/index.php\/wp-json\/wp\/v2\/users\/1"}],"replies":[{"embeddable":true,"href":"https:\/\/bydlowa.pl\/index.php\/wp-json\/wp\/v2\/comments?post=140"}],"version-history":[{"count":4,"href":"https:\/\/bydlowa.pl\/index.php\/wp-json\/wp\/v2\/posts\/140\/revisions"}],"predecessor-version":[{"id":170,"href":"https:\/\/bydlowa.pl\/index.php\/wp-json\/wp\/v2\/posts\/140\/revisions\/170"}],"wp:featuredmedia":[{"embeddable":true,"href":"https:\/\/bydlowa.pl\/index.php\/wp-json\/wp\/v2\/media\/141"}],"wp:attachment":[{"href":"https:\/\/bydlowa.pl\/index.php\/wp-json\/wp\/v2\/media?parent=140"}],"wp:term":[{"taxonomy":"category","embeddable":true,"href":"https:\/\/bydlowa.pl\/index.php\/wp-json\/wp\/v2\/categories?post=140"},{"taxonomy":"post_tag","embeddable":true,"href":"https:\/\/bydlowa.pl\/index.php\/wp-json\/wp\/v2\/tags?post=140"}],"curies":[{"name":"wp","href":"https:\/\/api.w.org\/{rel}","templated":true}]}}